{"id":19039,"date":"2021-09-03T09:44:04","date_gmt":"2021-09-03T13:44:04","guid":{"rendered":"https:\/\/www.fdi.gob.bo\/?post_type=nota_prensa&#038;p=19039"},"modified":"2025-09-23T09:45:50","modified_gmt":"2025-09-23T13:45:50","slug":"reunion-informativa-y-de-coordinacion-con-el-fondo-de-desarrollo-indigena","status":"publish","type":"nota_prensa","link":"https:\/\/www.fdi.gob.bo\/index.php\/nota_prensa\/reunion-informativa-y-de-coordinacion-con-el-fondo-de-desarrollo-indigena\/","title":{"rendered":"REUNI\u00d3N INFORMATIVA Y DE COORDINACI\u00d3N CON EL FONDO DE DESARROLLO IND\u00cdGENA"},"featured_media":0,"template":"","class_list":["post-19039","nota_prensa","type-nota_prensa","status-publish","hentry"],"acf":[],"_links":{"self":[{"href":"https:\/\/www.fdi.gob.bo\/index.php\/wp-json\/wp\/v2\/nota_prensa\/19039","targetHints":{"allow":["GET"]}}],"collection":[{"href":"https:\/\/www.fdi.gob.bo\/index.php\/wp-json\/wp\/v2\/nota_prensa"}],"about":[{"href":"https:\/\/www.fdi.gob.bo\/index.php\/wp-json\/wp\/v2\/types\/nota_prensa"}],"wp:attachment":[{"href":"https:\/\/www.fdi.gob.bo\/index.php\/wp-json\/wp\/v2\/media?parent=19039"}],"curies":[{"name":"wp","href":"https:\/\/api.w.org\/{rel}","templated":true}]}}