{"id":19138,"date":"2022-03-27T11:35:54","date_gmt":"2022-03-27T15:35:54","guid":{"rendered":"https:\/\/www.fdi.gob.bo\/?post_type=nota_prensa&#038;p=19138"},"modified":"2025-09-23T11:38:07","modified_gmt":"2025-09-23T15:38:07","slug":"socializacion-de-proyectos-en-la-organizacion-indigena-chiquitano","status":"publish","type":"nota_prensa","link":"https:\/\/www.fdi.gob.bo\/index.php\/nota_prensa\/socializacion-de-proyectos-en-la-organizacion-indigena-chiquitano\/","title":{"rendered":"SOCIALIZACI\u00d3N DE PROYECTOS EN LA ORGANIZACI\u00d3N IND\u00cdGENA CHIQUITANO"},"featured_media":0,"template":"","class_list":["post-19138","nota_prensa","type-nota_prensa","status-publish","hentry"],"acf":[],"_links":{"self":[{"href":"https:\/\/www.fdi.gob.bo\/index.php\/wp-json\/wp\/v2\/nota_prensa\/19138","targetHints":{"allow":["GET"]}}],"collection":[{"href":"https:\/\/www.fdi.gob.bo\/index.php\/wp-json\/wp\/v2\/nota_prensa"}],"about":[{"href":"https:\/\/www.fdi.gob.bo\/index.php\/wp-json\/wp\/v2\/types\/nota_prensa"}],"wp:attachment":[{"href":"https:\/\/www.fdi.gob.bo\/index.php\/wp-json\/wp\/v2\/media?parent=19138"}],"curies":[{"name":"wp","href":"https:\/\/api.w.org\/{rel}","templated":true}]}}