{"id":19499,"date":"2023-11-09T14:44:12","date_gmt":"2023-11-09T18:44:12","guid":{"rendered":"https:\/\/www.fdi.gob.bo\/?post_type=nota_prensa&#038;p=19499"},"modified":"2025-09-23T14:46:33","modified_gmt":"2025-09-23T18:46:33","slug":"directora-del-fdi-hablo-sobre-el-trabajo-que-desempena-el-fondo-de-desarrollo-indigena-en-favor-de-los-municipios-del-pais-y-su-lucha-para-enfrentar-la-sequia-en-bolivia","status":"publish","type":"nota_prensa","link":"https:\/\/www.fdi.gob.bo\/index.php\/nota_prensa\/directora-del-fdi-hablo-sobre-el-trabajo-que-desempena-el-fondo-de-desarrollo-indigena-en-favor-de-los-municipios-del-pais-y-su-lucha-para-enfrentar-la-sequia-en-bolivia\/","title":{"rendered":"DIRECTORA DEL FDI HABL\u00d3 SOBRE EL TRABAJO QUE DESEMPE\u00d1A EL FONDO DE DESARROLLO IND\u00cdGENA EN FAVOR DE LOS MUNICIPIOS DEL PA\u00cdS Y SU LUCHA PARA ENFRENTAR LA SEQU\u00cdA EN BOLIVIA."},"featured_media":0,"template":"","class_list":["post-19499","nota_prensa","type-nota_prensa","status-publish","hentry"],"acf":[],"_links":{"self":[{"href":"https:\/\/www.fdi.gob.bo\/index.php\/wp-json\/wp\/v2\/nota_prensa\/19499","targetHints":{"allow":["GET"]}}],"collection":[{"href":"https:\/\/www.fdi.gob.bo\/index.php\/wp-json\/wp\/v2\/nota_prensa"}],"about":[{"href":"https:\/\/www.fdi.gob.bo\/index.php\/wp-json\/wp\/v2\/types\/nota_prensa"}],"wp:attachment":[{"href":"https:\/\/www.fdi.gob.bo\/index.php\/wp-json\/wp\/v2\/media?parent=19499"}],"curies":[{"name":"wp","href":"https:\/\/api.w.org\/{rel}","templated":true}]}}