{"id":19534,"date":"2023-11-23T15:01:07","date_gmt":"2023-11-23T19:01:07","guid":{"rendered":"https:\/\/www.fdi.gob.bo\/?post_type=nota_prensa&#038;p=19534"},"modified":"2025-09-23T15:14:34","modified_gmt":"2025-09-23T19:14:34","slug":"el-fondo-de-desarrollo-indigena-firmo-en-tiempo-record-los-primeros-convenios-de-proyectos-para-la-cartera-iv-fortaleciendo-el-desarrollo-productivo","status":"publish","type":"nota_prensa","link":"https:\/\/www.fdi.gob.bo\/index.php\/nota_prensa\/el-fondo-de-desarrollo-indigena-firmo-en-tiempo-record-los-primeros-convenios-de-proyectos-para-la-cartera-iv-fortaleciendo-el-desarrollo-productivo\/","title":{"rendered":"EL FONDO DE DESARROLLO IND\u00cdGENA FIRM\u00d3 EN TIEMPO R\u00c9CORD LOS PRIMEROS CONVENIOS DE PROYECTOS PARA LA CARTERA IV \u201cFORTALECIENDO EL DESARROLLO PRODUCTIVO\u201d."},"featured_media":0,"template":"","class_list":["post-19534","nota_prensa","type-nota_prensa","status-publish","hentry"],"acf":[],"_links":{"self":[{"href":"https:\/\/www.fdi.gob.bo\/index.php\/wp-json\/wp\/v2\/nota_prensa\/19534","targetHints":{"allow":["GET"]}}],"collection":[{"href":"https:\/\/www.fdi.gob.bo\/index.php\/wp-json\/wp\/v2\/nota_prensa"}],"about":[{"href":"https:\/\/www.fdi.gob.bo\/index.php\/wp-json\/wp\/v2\/types\/nota_prensa"}],"wp:attachment":[{"href":"https:\/\/www.fdi.gob.bo\/index.php\/wp-json\/wp\/v2\/media?parent=19534"}],"curies":[{"name":"wp","href":"https:\/\/api.w.org\/{rel}","templated":true}]}}