{"id":19743,"date":"2024-06-16T16:35:07","date_gmt":"2024-06-16T20:35:07","guid":{"rendered":"https:\/\/www.fdi.gob.bo\/?post_type=nota_prensa&#038;p=19743"},"modified":"2025-09-23T16:38:21","modified_gmt":"2025-09-23T20:38:21","slug":"fondo-de-desarrollo-indigena-impulsa-la-economia-agricola-de-general-saavedra-con-puentes-y-maquinaria","status":"publish","type":"nota_prensa","link":"https:\/\/www.fdi.gob.bo\/index.php\/nota_prensa\/fondo-de-desarrollo-indigena-impulsa-la-economia-agricola-de-general-saavedra-con-puentes-y-maquinaria\/","title":{"rendered":"FONDO DE DESARROLLO IND\u00cdGENA IMPULSA LA ECONOM\u00cdA AGR\u00cdCOLA DE GENERAL SAAVEDRA CON PUENTES Y MAQUINARIA"},"featured_media":0,"template":"","class_list":["post-19743","nota_prensa","type-nota_prensa","status-publish","hentry"],"acf":[],"_links":{"self":[{"href":"https:\/\/www.fdi.gob.bo\/index.php\/wp-json\/wp\/v2\/nota_prensa\/19743","targetHints":{"allow":["GET"]}}],"collection":[{"href":"https:\/\/www.fdi.gob.bo\/index.php\/wp-json\/wp\/v2\/nota_prensa"}],"about":[{"href":"https:\/\/www.fdi.gob.bo\/index.php\/wp-json\/wp\/v2\/types\/nota_prensa"}],"wp:attachment":[{"href":"https:\/\/www.fdi.gob.bo\/index.php\/wp-json\/wp\/v2\/media?parent=19743"}],"curies":[{"name":"wp","href":"https:\/\/api.w.org\/{rel}","templated":true}]}}