{"id":20682,"date":"2025-04-16T16:18:56","date_gmt":"2025-04-16T20:18:56","guid":{"rendered":"https:\/\/www.fdi.gob.bo\/?post_type=nota_prensa&#038;p=20682"},"modified":"2025-09-24T16:20:38","modified_gmt":"2025-09-24T20:20:38","slug":"rendicion-publica-de-cuentas-inicial-2025-del-fondo-de-desarrollo-indigena-se-realizo-en-la-ciudad-de-la-paz","status":"publish","type":"nota_prensa","link":"https:\/\/www.fdi.gob.bo\/index.php\/nota_prensa\/rendicion-publica-de-cuentas-inicial-2025-del-fondo-de-desarrollo-indigena-se-realizo-en-la-ciudad-de-la-paz\/","title":{"rendered":"RENDICI\u00d3N P\u00daBLICA DE CUENTAS INICIAL 2025 DEL FONDO DE DESARROLLO IND\u00cdGENA SE REALIZ\u00d3 EN LA CIUDAD DE LA PAZ"},"featured_media":0,"template":"","class_list":["post-20682","nota_prensa","type-nota_prensa","status-publish","hentry"],"acf":[],"_links":{"self":[{"href":"https:\/\/www.fdi.gob.bo\/index.php\/wp-json\/wp\/v2\/nota_prensa\/20682","targetHints":{"allow":["GET"]}}],"collection":[{"href":"https:\/\/www.fdi.gob.bo\/index.php\/wp-json\/wp\/v2\/nota_prensa"}],"about":[{"href":"https:\/\/www.fdi.gob.bo\/index.php\/wp-json\/wp\/v2\/types\/nota_prensa"}],"wp:attachment":[{"href":"https:\/\/www.fdi.gob.bo\/index.php\/wp-json\/wp\/v2\/media?parent=20682"}],"curies":[{"name":"wp","href":"https:\/\/api.w.org\/{rel}","templated":true}]}}