{"id":20855,"date":"2025-06-13T17:57:19","date_gmt":"2025-06-13T21:57:19","guid":{"rendered":"https:\/\/www.fdi.gob.bo\/?post_type=nota_prensa&#038;p=20855"},"modified":"2025-09-24T17:59:19","modified_gmt":"2025-09-24T21:59:19","slug":"gobierno-nacional-fortalece-y-potencializa-la-produccion-agricola-de-papa-maiz-mani-y-hortalizas-en-el-municipio-de-carapari-de-la-chura-tarija","status":"publish","type":"nota_prensa","link":"https:\/\/www.fdi.gob.bo\/index.php\/nota_prensa\/gobierno-nacional-fortalece-y-potencializa-la-produccion-agricola-de-papa-maiz-mani-y-hortalizas-en-el-municipio-de-carapari-de-la-chura-tarija\/","title":{"rendered":"GOBIERNO NACIONAL FORTALECE Y POTENCIALIZA LA PRODUCCI\u00d3N AGR\u00cdCOLA DE PAPA, MA\u00cdZ, MAN\u00cd Y HORTALIZAS EN EL MUNICIPIO DE CARAPAR\u00cd DE LA CHURA TARIJA"},"featured_media":0,"template":"","class_list":["post-20855","nota_prensa","type-nota_prensa","status-publish","hentry"],"acf":[],"_links":{"self":[{"href":"https:\/\/www.fdi.gob.bo\/index.php\/wp-json\/wp\/v2\/nota_prensa\/20855","targetHints":{"allow":["GET"]}}],"collection":[{"href":"https:\/\/www.fdi.gob.bo\/index.php\/wp-json\/wp\/v2\/nota_prensa"}],"about":[{"href":"https:\/\/www.fdi.gob.bo\/index.php\/wp-json\/wp\/v2\/types\/nota_prensa"}],"wp:attachment":[{"href":"https:\/\/www.fdi.gob.bo\/index.php\/wp-json\/wp\/v2\/media?parent=20855"}],"curies":[{"name":"wp","href":"https:\/\/api.w.org\/{rel}","templated":true}]}}